{"id":6830,"date":"2026-09-02T08:27:38","date_gmt":"2026-09-02T12:27:38","guid":{"rendered":"https:\/\/mma.uct.cl\/?p=6830"},"modified":"2026-09-02T08:56:28","modified_gmt":"2026-09-02T12:56:28","slug":"estudiante-del-magister-en-matematicas-aplicadas-de-la-uct-obtiene-fondo-interno-de-ciencia-abierta","status":"publish","type":"post","link":"https:\/\/mma.uct.cl\/en\/estudiante-del-magister-en-matematicas-aplicadas-de-la-uct-obtiene-fondo-interno-de-ciencia-abierta\/","title":{"rendered":"Fondo interno UCT apoyar\u00e1 a estudiante del MMA para llevar los alcances de su AFE a estudiantes de ense\u00f1anza media"},"content":{"rendered":"<div data-elementor-type=\"wp-post\" data-elementor-id=\"6830\" class=\"elementor elementor-6830\" data-elementor-post-type=\"post\">\n\t\t\t\t<div class=\"elementor-element elementor-element-7ab45fd3 e-flex e-con-boxed e-con e-parent\" data-id=\"7ab45fd3\" data-element_type=\"container\" data-e-type=\"container\">\n\t\t\t\t\t<div class=\"e-con-inner\">\n\t\t\t\t<div class=\"elementor-element elementor-element-10257e3b elementor-widget elementor-widget-text-editor\" data-id=\"10257e3b\" data-element_type=\"widget\" data-e-type=\"widget\" data-widget_type=\"text-editor.default\">\n\t\t\t\t<div class=\"elementor-widget-container\">\n\t\t\t\t\t\t\t\t\t<p><span style=\"font-weight: 400;\">En el marco del concurso interno &#8220;Transformando la Ciencia&#8221;, impulsado por las direcciones de Investigaci\u00f3n, Sistemas de Biblioteca y Vinculaci\u00f3n con el Medio de la Universidad Cat\u00f3lica de Temuco, un proyecto presentado por Daniel Vera, estudiante del Mag\u00edster en Matem\u00e1ticas Aplicadas, result\u00f3 seleccionado para recibir financiamiento. La iniciativa, desarrollada en colaboraci\u00f3n con su director de Actividad Formativa Equivalente (AFE), el Dr. Jacobo Hern\u00e1ndez Montolongo, busca integrar la ciencia ciudadana como eje transversal de la investigaci\u00f3n, estableciendo un puente entre estudiantes de ense\u00f1anza media y la modelaci\u00f3n matem\u00e1tica.<\/span><\/p><p><span style=\"font-weight: 400;\">La propuesta se enmarca en el proyecto ANID InES Ciencia Abierta &#8220;La Ciencia Abierta como bien p\u00fablico desde la Universidad Cat\u00f3lica de Temuco&#8221; (INCA240003), que promueve la colaboraci\u00f3n y la transferencia en investigaci\u00f3n cient\u00edfica, involucrando activamente a la sociedad en la producci\u00f3n de conocimiento. El concurso, dirigido a estudiantes de pregrado y posgrado que se encuentren en etapas iniciales de formulaci\u00f3n o dise\u00f1o de sus trabajos de titulaci\u00f3n, otorga un financiamiento m\u00e1ximo de $2.900.000 por propuesta y contempla una duraci\u00f3n de ejecuci\u00f3n de hasta seis meses.<\/span><\/p><h6><b>Una propuesta que surge desde la AFE<\/b><\/h6><div class=\"ds-virtual-list-items _6f2c522\"><div class=\"ds-virtual-list-visible-items\"><div class=\"_4f9bf79 d7dc56a8 _43c05b5\" data-virtual-list-item-key=\"6\"><div class=\"ds-message _63c77b1\"><div class=\"ds-markdown ds-assistant-message-main-content\"><p class=\"ds-markdown-paragraph\"><span class=\"\">Vera se enter\u00f3 de la convocatoria a trav\u00e9s de un correo enviado por la direcci\u00f3n del MMA. La iniciativa result\u00f3 particularmente af\u00edn a su trabajo de AFE, centrado en la modelaci\u00f3n matem\u00e1tica de procesos de fotocat\u00e1lisis para la remediaci\u00f3n de aguas contaminadas, espec\u00edficamente en la degradaci\u00f3n del azul de metileno mediante materiales basados en \u00f3xido de grafeno y nanopart\u00edculas magn\u00e9ticas, ya que ambos proyectos comparten el inter\u00e9s por hacer accesible la modelaci\u00f3n matem\u00e1tica m\u00e1s all\u00e1 del \u00e1mbito acad\u00e9mico.<\/span><\/p><p class=\"ds-markdown-paragraph\"><span class=\"\">Esta sinton\u00eda se refleja en el dise\u00f1o de la propuesta, que integra a estudiantes de tercero y cuarto medio del Liceo Jan Comenius, en el sector de Labranza, como participantes activos en una experiencia de ciencia ciudadana. El v\u00ednculo con este establecimiento no es casual, ya que Vera curs\u00f3 all\u00ed su ense\u00f1anza media, lo que ha facilitado los contactos y agilizado la coordinaci\u00f3n de los talleres. Consciente de que el principal desaf\u00edo es acercar conceptos de modelaci\u00f3n matem\u00e1tica a j\u00f3venes sin formaci\u00f3n previa en la materia, el proyecto contempla sesiones participativas con un lenguaje claro y accesible, donde se explicar\u00e1 qu\u00e9 es esta \u00e1rea, qu\u00e9 problema aborda la AFE y c\u00f3mo se desarrollar\u00e1 la investigaci\u00f3n.<\/span><\/p><p class=\"ds-markdown-paragraph\"><span class=\"\">El producto concreto del proyecto ser\u00e1 la recopilaci\u00f3n de preguntas de investigaci\u00f3n formuladas por los propios estudiantes durante los talleres. De todas ellas, se seleccionar\u00e1n las dos m\u00e1s pertinentes y factibles para ser incorporadas directamente en la AFE. Finalmente, en un taller de cierre, los participantes podr\u00e1n visualizar de forma gr\u00e1fica e interactiva c\u00f3mo sus aportes se reflejan en los resultados de la investigaci\u00f3n, cerrando as\u00ed el ciclo entre su participaci\u00f3n y el quehacer cient\u00edfico.<\/span><\/p><\/div><\/div><\/div><\/div><\/div><p><!-- \/wp:paragraph --><\/p>\t\t\t\t\t\t\t\t<\/div>\n\t\t\t\t<\/div>\n\t\t\t\t\t<\/div>\n\t\t\t\t<\/div>\n\t\t<div class=\"elementor-element elementor-element-4ee1950 e-flex e-con-boxed e-con e-parent\" data-id=\"4ee1950\" data-element_type=\"container\" data-e-type=\"container\">\n\t\t\t\t\t<div class=\"e-con-inner\">\n\t\t\t\t<div class=\"elementor-element elementor-element-37ed200 elementor-widget elementor-widget-gallery\" data-id=\"37ed200\" data-element_type=\"widget\" data-e-type=\"widget\" data-settings=\"{&quot;columns&quot;:1,&quot;lazyload&quot;:&quot;yes&quot;,&quot;gallery_layout&quot;:&quot;grid&quot;,&quot;columns_tablet&quot;:2,&quot;columns_mobile&quot;:1,&quot;gap&quot;:{&quot;unit&quot;:&quot;px&quot;,&quot;size&quot;:10,&quot;sizes&quot;:[]},&quot;gap_tablet&quot;:{&quot;unit&quot;:&quot;px&quot;,&quot;size&quot;:10,&quot;sizes&quot;:[]},&quot;gap_mobile&quot;:{&quot;unit&quot;:&quot;px&quot;,&quot;size&quot;:10,&quot;sizes&quot;:[]},&quot;link_to&quot;:&quot;file&quot;,&quot;aspect_ratio&quot;:&quot;3:2&quot;,&quot;overlay_background&quot;:&quot;yes&quot;,&quot;content_hover_animation&quot;:&quot;fade-in&quot;}\" data-widget_type=\"gallery.default\">\n\t\t\t\t<div class=\"elementor-widget-container\">\n\t\t\t\t\t\t\t<div class=\"elementor-gallery__container\">\n\t\t\t\t\t\t\t<a class=\"e-gallery-item elementor-gallery-item elementor-animated-content\" href=\"https:\/\/mma.uct.cl\/wp-content\/uploads\/IMG_20260902_073607-scaled.jpg\" data-elementor-open-lightbox=\"yes\" data-elementor-lightbox-slideshow=\"37ed200\" data-elementor-lightbox-title=\"IMG_20260902_073607\" data-e-action-hash=\"#elementor-action%3Aaction%3Dlightbox%26settings%3DeyJpZCI6NjgzMiwidXJsIjoiaHR0cHM6XC9cL21tYS51Y3QuY2xcL3dwLWNvbnRlbnRcL3VwbG9hZHNcL0lNR18yMDI2MDkwMl8wNzM2MDctc2NhbGVkLmpwZyIsInNsaWRlc2hvdyI6IjM3ZWQyMDAifQ%3D%3D\">\n\t\t\t\t\t<div class=\"e-gallery-image elementor-gallery-item__image\" data-thumbnail=\"https:\/\/mma.uct.cl\/wp-content\/uploads\/IMG_20260902_073607-scaled.jpg\" data-width=\"1446\" data-height=\"2560\" aria-label=\"\" role=\"img\" ><\/div>\n\t\t\t\t\t\t\t\t\t\t\t<div class=\"elementor-gallery-item__overlay\"><\/div>\n\t\t\t\t\t\t\t\t\t\t\t\t\t\t<\/a>\n\t\t\t\t\t<\/div>\n\t\t\t\t\t<\/div>\n\t\t\t\t<\/div>\n\t\t\t\t\t<\/div>\n\t\t\t\t<\/div>\n\t\t<div class=\"elementor-element elementor-element-18ebb01 e-flex e-con-boxed e-con e-parent\" data-id=\"18ebb01\" data-element_type=\"container\" data-e-type=\"container\">\n\t\t\t\t\t<div class=\"e-con-inner\">\n\t\t\t\t\t<\/div>\n\t\t\t\t<\/div>\n\t\t\t\t<\/div>","protected":false},"excerpt":{"rendered":"<p>En el marco del concurso interno &#8220;Transformando la Ciencia&#8221;, impulsado por las direcciones de Investigaci\u00f3n, Sistemas de Biblioteca y Vinculaci\u00f3n con el Medio de la Universidad Cat\u00f3lica de Temuco, un proyecto presentado por Daniel Vera, estudiante del Mag\u00edster en Matem\u00e1ticas Aplicadas, result\u00f3 seleccionado para recibir financiamiento. La iniciativa, desarrollada en colaboraci\u00f3n con su director de [&hellip;]<\/p>\n","protected":false},"author":8,"featured_media":6832,"comment_status":"closed","ping_status":"closed","sticky":false,"template":"","format":"standard","meta":{"_acf_changed":false,"footnotes":""},"categories":[13],"tags":[],"class_list":["post-6830","post","type-post","status-publish","format-standard","has-post-thumbnail","hentry","category-noticias"],"acf":[],"_links":{"self":[{"href":"https:\/\/mma.uct.cl\/en\/wp-json\/wp\/v2\/posts\/6830","targetHints":{"allow":["GET"]}}],"collection":[{"href":"https:\/\/mma.uct.cl\/en\/wp-json\/wp\/v2\/posts"}],"about":[{"href":"https:\/\/mma.uct.cl\/en\/wp-json\/wp\/v2\/types\/post"}],"author":[{"embeddable":true,"href":"https:\/\/mma.uct.cl\/en\/wp-json\/wp\/v2\/users\/8"}],"replies":[{"embeddable":true,"href":"https:\/\/mma.uct.cl\/en\/wp-json\/wp\/v2\/comments?post=6830"}],"version-history":[{"count":12,"href":"https:\/\/mma.uct.cl\/en\/wp-json\/wp\/v2\/posts\/6830\/revisions"}],"predecessor-version":[{"id":6844,"href":"https:\/\/mma.uct.cl\/en\/wp-json\/wp\/v2\/posts\/6830\/revisions\/6844"}],"wp:featuredmedia":[{"embeddable":true,"href":"https:\/\/mma.uct.cl\/en\/wp-json\/wp\/v2\/media\/6832"}],"wp:attachment":[{"href":"https:\/\/mma.uct.cl\/en\/wp-json\/wp\/v2\/media?parent=6830"}],"wp:term":[{"taxonomy":"category","embeddable":true,"href":"https:\/\/mma.uct.cl\/en\/wp-json\/wp\/v2\/categories?post=6830"},{"taxonomy":"post_tag","embeddable":true,"href":"https:\/\/mma.uct.cl\/en\/wp-json\/wp\/v2\/tags?post=6830"}],"curies":[{"name":"wp","href":"https:\/\/api.w.org\/{rel}","templated":true}]}}